{"id":552,"date":"2014-08-26T22:05:07","date_gmt":"2014-08-26T22:05:07","guid":{"rendered":"http:\/\/new.muenchenvenedig.de\/?p=552"},"modified":"2014-08-26T22:09:26","modified_gmt":"2014-08-26T22:09:26","slug":"8-8-2012-2","status":"publish","type":"post","link":"http:\/\/new.muenchenvenedig.de\/?p=552","title":{"rendered":"8.8.2012"},"content":{"rendered":"<p>Der 8.8.2012 war in zweifacher Hinsicht ungew\u00f6hnlich, denn erstens fand er wegen Bauarbeiten ausnahmsweise am Odeonsplatz statt und zweitens hatte Ludwig mich gebeten, die Wanderer zu begr\u00fc\u00dfen. Er hat dann aber doch ein paar Worte gesprochen und die Gruppe begleitet.<\/p>\n<div id=\"attachment_556\" style=\"width: 235px\" class=\"wp-caption alignnone\"><a href=\"http:\/\/new.muenchenvenedig.de\/wp-content\/uploads\/2014\/08\/IMG_8247.jpg\"><img loading=\"lazy\" decoding=\"async\" aria-describedby=\"caption-attachment-556\" src=\"http:\/\/new.muenchenvenedig.de\/wp-content\/uploads\/2014\/08\/IMG_8247-225x300.jpg\" alt=\"Begr\u00fc\u00dfung am Odeonsplatz.\" width=\"225\" height=\"300\" class=\"size-medium wp-image-556\" srcset=\"http:\/\/new.muenchenvenedig.de\/wp-content\/uploads\/2014\/08\/IMG_8247-225x300.jpg 225w, http:\/\/new.muenchenvenedig.de\/wp-content\/uploads\/2014\/08\/IMG_8247.jpg 300w\" sizes=\"auto, (max-width: 225px) 100vw, 225px\" \/><\/a><p id=\"caption-attachment-556\" class=\"wp-caption-text\">Begr\u00fc\u00dfung am Odeonsplatz.<\/p><\/div>\n<div id=\"attachment_557\" style=\"width: 310px\" class=\"wp-caption alignnone\"><a href=\"http:\/\/new.muenchenvenedig.de\/wp-content\/uploads\/2014\/08\/IMG_8263.jpg\"><img loading=\"lazy\" decoding=\"async\" aria-describedby=\"caption-attachment-557\" src=\"http:\/\/new.muenchenvenedig.de\/wp-content\/uploads\/2014\/08\/IMG_8263-300x225.jpg\" alt=\"Mit Kind und Kegel.\" width=\"300\" height=\"225\" class=\"size-medium wp-image-557\" srcset=\"http:\/\/new.muenchenvenedig.de\/wp-content\/uploads\/2014\/08\/IMG_8263-300x225.jpg 300w, http:\/\/new.muenchenvenedig.de\/wp-content\/uploads\/2014\/08\/IMG_8263.jpg 400w\" sizes=\"auto, (max-width: 300px) 100vw, 300px\" \/><\/a><p id=\"caption-attachment-557\" class=\"wp-caption-text\">Mit Kind und Kegel.<\/p><\/div>\n<div id=\"attachment_558\" style=\"width: 235px\" class=\"wp-caption alignnone\"><a href=\"http:\/\/new.muenchenvenedig.de\/wp-content\/uploads\/2014\/08\/IMG_8269.jpg\"><img loading=\"lazy\" decoding=\"async\" aria-describedby=\"caption-attachment-558\" src=\"http:\/\/new.muenchenvenedig.de\/wp-content\/uploads\/2014\/08\/IMG_8269-225x300.jpg\" alt=\"Ludwig spricht doch ein paar Worte.\" width=\"225\" height=\"300\" class=\"size-medium wp-image-558\" srcset=\"http:\/\/new.muenchenvenedig.de\/wp-content\/uploads\/2014\/08\/IMG_8269-225x300.jpg 225w, http:\/\/new.muenchenvenedig.de\/wp-content\/uploads\/2014\/08\/IMG_8269.jpg 300w\" sizes=\"auto, (max-width: 225px) 100vw, 225px\" \/><\/a><p id=\"caption-attachment-558\" class=\"wp-caption-text\">Ludwig spricht doch ein paar Worte.<\/p><\/div>\n<div id=\"attachment_559\" style=\"width: 235px\" class=\"wp-caption alignnone\"><a href=\"http:\/\/new.muenchenvenedig.de\/wp-content\/uploads\/2014\/08\/IMG_8287.jpg\"><img loading=\"lazy\" decoding=\"async\" aria-describedby=\"caption-attachment-559\" src=\"http:\/\/new.muenchenvenedig.de\/wp-content\/uploads\/2014\/08\/IMG_8287-225x300.jpg\" alt=\"Wei\u00dfwurstfr\u00fchst\u00fcck ...\" width=\"225\" height=\"300\" class=\"size-medium wp-image-559\" srcset=\"http:\/\/new.muenchenvenedig.de\/wp-content\/uploads\/2014\/08\/IMG_8287-225x300.jpg 225w, http:\/\/new.muenchenvenedig.de\/wp-content\/uploads\/2014\/08\/IMG_8287.jpg 300w\" sizes=\"auto, (max-width: 225px) 100vw, 225px\" \/><\/a><p id=\"caption-attachment-559\" class=\"wp-caption-text\">Wei\u00dfwurstfr\u00fchst\u00fcck &#8230;<\/p><\/div>\n<div id=\"attachment_560\" style=\"width: 310px\" class=\"wp-caption alignnone\"><a href=\"http:\/\/new.muenchenvenedig.de\/wp-content\/uploads\/2014\/08\/IMG_8291.jpg\"><img loading=\"lazy\" decoding=\"async\" aria-describedby=\"caption-attachment-560\" src=\"http:\/\/new.muenchenvenedig.de\/wp-content\/uploads\/2014\/08\/IMG_8291-300x225.jpg\" alt=\"... im Aumeister.\" width=\"300\" height=\"225\" class=\"size-medium wp-image-560\" srcset=\"http:\/\/new.muenchenvenedig.de\/wp-content\/uploads\/2014\/08\/IMG_8291-300x225.jpg 300w, http:\/\/new.muenchenvenedig.de\/wp-content\/uploads\/2014\/08\/IMG_8291.jpg 400w\" sizes=\"auto, (max-width: 300px) 100vw, 300px\" \/><\/a><p id=\"caption-attachment-560\" class=\"wp-caption-text\">&#8230; im Aumeister.<\/p><\/div>\n<div id=\"attachment_561\" style=\"width: 235px\" class=\"wp-caption alignnone\"><a href=\"http:\/\/new.muenchenvenedig.de\/wp-content\/uploads\/2014\/08\/IMG_8303.jpg\"><img loading=\"lazy\" decoding=\"async\" aria-describedby=\"caption-attachment-561\" src=\"http:\/\/new.muenchenvenedig.de\/wp-content\/uploads\/2014\/08\/IMG_8303-225x300.jpg\" alt=\"Ismaning.\" width=\"225\" height=\"300\" class=\"size-medium wp-image-561\" srcset=\"http:\/\/new.muenchenvenedig.de\/wp-content\/uploads\/2014\/08\/IMG_8303-225x300.jpg 225w, http:\/\/new.muenchenvenedig.de\/wp-content\/uploads\/2014\/08\/IMG_8303.jpg 300w\" sizes=\"auto, (max-width: 225px) 100vw, 225px\" \/><\/a><p id=\"caption-attachment-561\" class=\"wp-caption-text\">Ismaning.<\/p><\/div>\n<div id=\"attachment_562\" style=\"width: 310px\" class=\"wp-caption alignnone\"><a href=\"http:\/\/new.muenchenvenedig.de\/wp-content\/uploads\/2014\/08\/IMG_8308.jpg\"><img loading=\"lazy\" decoding=\"async\" aria-describedby=\"caption-attachment-562\" src=\"http:\/\/new.muenchenvenedig.de\/wp-content\/uploads\/2014\/08\/IMG_8308-300x225.jpg\" alt=\"Ludwig und Heimo.\" width=\"300\" height=\"225\" class=\"size-medium wp-image-562\" srcset=\"http:\/\/new.muenchenvenedig.de\/wp-content\/uploads\/2014\/08\/IMG_8308-300x225.jpg 300w, http:\/\/new.muenchenvenedig.de\/wp-content\/uploads\/2014\/08\/IMG_8308.jpg 400w\" sizes=\"auto, (max-width: 300px) 100vw, 300px\" \/><\/a><p id=\"caption-attachment-562\" class=\"wp-caption-text\">Ludwig und Heimo.<\/p><\/div>\n","protected":false},"excerpt":{"rendered":"<p>Der 8.8.2012 war in zweifacher Hinsicht ungew\u00f6hnlich, denn erstens fand er wegen Bauarbeiten ausnahmsweise am Odeonsplatz statt und zweitens hatte Ludwig mich gebeten, die Wanderer zu begr\u00fc\u00dfen. Er hat dann aber doch ein paar Worte gesprochen und die Gruppe begleitet.<\/p>\n","protected":false},"author":1,"featured_media":0,"comment_status":"open","ping_status":"open","sticky":false,"template":"","format":"standard","meta":{"footnotes":""},"categories":[3,5],"tags":[],"class_list":["post-552","post","type-post","status-publish","format-standard","hentry","category-allgemein","category-wandertreff"],"_links":{"self":[{"href":"http:\/\/new.muenchenvenedig.de\/index.php?rest_route=\/wp\/v2\/posts\/552","targetHints":{"allow":["GET"]}}],"collection":[{"href":"http:\/\/new.muenchenvenedig.de\/index.php?rest_route=\/wp\/v2\/posts"}],"about":[{"href":"http:\/\/new.muenchenvenedig.de\/index.php?rest_route=\/wp\/v2\/types\/post"}],"author":[{"embeddable":true,"href":"http:\/\/new.muenchenvenedig.de\/index.php?rest_route=\/wp\/v2\/users\/1"}],"replies":[{"embeddable":true,"href":"http:\/\/new.muenchenvenedig.de\/index.php?rest_route=%2Fwp%2Fv2%2Fcomments&post=552"}],"version-history":[{"count":4,"href":"http:\/\/new.muenchenvenedig.de\/index.php?rest_route=\/wp\/v2\/posts\/552\/revisions"}],"predecessor-version":[{"id":565,"href":"http:\/\/new.muenchenvenedig.de\/index.php?rest_route=\/wp\/v2\/posts\/552\/revisions\/565"}],"wp:attachment":[{"href":"http:\/\/new.muenchenvenedig.de\/index.php?rest_route=%2Fwp%2Fv2%2Fmedia&parent=552"}],"wp:term":[{"taxonomy":"category","embeddable":true,"href":"http:\/\/new.muenchenvenedig.de\/index.php?rest_route=%2Fwp%2Fv2%2Fcategories&post=552"},{"taxonomy":"post_tag","embeddable":true,"href":"http:\/\/new.muenchenvenedig.de\/index.php?rest_route=%2Fwp%2Fv2%2Ftags&post=552"}],"curies":[{"name":"wp","href":"https:\/\/api.w.org\/{rel}","templated":true}]}}