{"id":622,"date":"2014-08-27T12:28:55","date_gmt":"2014-08-27T12:28:55","guid":{"rendered":"http:\/\/new.muenchenvenedig.de\/?p=622"},"modified":"2014-08-27T12:29:11","modified_gmt":"2014-08-27T12:29:11","slug":"christophs-weihnachtstipps-zur-alpenueberquerung","status":"publish","type":"post","link":"http:\/\/new.muenchenvenedig.de\/?p=622","title":{"rendered":"Christoph&#8217;s Weihnachtstipps zur Alpen\u00fcberquerung"},"content":{"rendered":"<p>Weihnachten ist Saueregurkenzeit f\u00fcr Venedigwanderer. Man tr\u00e4umt vielleicht vom Traumpfad, aber f\u00fcr konkrete Vorbereitungen ist es zu fr\u00fch und die Erinnerungen der erfolgreichen Begehung i. Vorjahr halten Winterschlaf. <\/p>\n<p>Um euch ein wenig an den Traumpfad zu erinnern, anbei ein paar Tipps von Christoph. Als Weihnachtsbotschaft:<\/p>\n<p><a href=\"http:\/\/www.einfachbewusst.de\/2013\/09\/tipps-alpenueberquerung\/\">http:\/\/www.einfachbewusst.de\/2013\/09\/tipps-alpenueberquerung\/<\/a><\/p>\n","protected":false},"excerpt":{"rendered":"<p>Weihnachten ist Saueregurkenzeit f\u00fcr Venedigwanderer. Man tr\u00e4umt vielleicht vom Traumpfad, aber f\u00fcr konkrete Vorbereitungen ist es zu fr\u00fch und die Erinnerungen der erfolgreichen Begehung i. Vorjahr halten Winterschlaf. Um euch ein wenig an den Traumpfad zu erinnern, anbei ein paar Tipps von Christoph. Als Weihnachtsbotschaft: http:\/\/www.einfachbewusst.de\/2013\/09\/tipps-alpenueberquerung\/<\/p>\n","protected":false},"author":1,"featured_media":0,"comment_status":"open","ping_status":"open","sticky":false,"template":"","format":"standard","meta":{"footnotes":""},"categories":[3,8],"tags":[],"class_list":["post-622","post","type-post","status-publish","format-standard","hentry","category-allgemein","category-tipps"],"_links":{"self":[{"href":"http:\/\/new.muenchenvenedig.de\/index.php?rest_route=\/wp\/v2\/posts\/622","targetHints":{"allow":["GET"]}}],"collection":[{"href":"http:\/\/new.muenchenvenedig.de\/index.php?rest_route=\/wp\/v2\/posts"}],"about":[{"href":"http:\/\/new.muenchenvenedig.de\/index.php?rest_route=\/wp\/v2\/types\/post"}],"author":[{"embeddable":true,"href":"http:\/\/new.muenchenvenedig.de\/index.php?rest_route=\/wp\/v2\/users\/1"}],"replies":[{"embeddable":true,"href":"http:\/\/new.muenchenvenedig.de\/index.php?rest_route=%2Fwp%2Fv2%2Fcomments&post=622"}],"version-history":[{"count":1,"href":"http:\/\/new.muenchenvenedig.de\/index.php?rest_route=\/wp\/v2\/posts\/622\/revisions"}],"predecessor-version":[{"id":623,"href":"http:\/\/new.muenchenvenedig.de\/index.php?rest_route=\/wp\/v2\/posts\/622\/revisions\/623"}],"wp:attachment":[{"href":"http:\/\/new.muenchenvenedig.de\/index.php?rest_route=%2Fwp%2Fv2%2Fmedia&parent=622"}],"wp:term":[{"taxonomy":"category","embeddable":true,"href":"http:\/\/new.muenchenvenedig.de\/index.php?rest_route=%2Fwp%2Fv2%2Fcategories&post=622"},{"taxonomy":"post_tag","embeddable":true,"href":"http:\/\/new.muenchenvenedig.de\/index.php?rest_route=%2Fwp%2Fv2%2Ftags&post=622"}],"curies":[{"name":"wp","href":"https:\/\/api.w.org\/{rel}","templated":true}]}}